
			
				

					
				

			
		{"items":"\n\t\t\t\t\t\t\t\t\t\t\t\n<article id=\"post-9490\" class=\"wd-post blog-design-masonry blog-post-loop blog-style-bg wd-add-shadow wd-col post-9490 post type-post status-publish format-standard has-post-thumbnail hentry category-interesante category-lanzamientos category-novedades category-volkswagen tag-lanzamientos tag-novedades tag-vento tag-volkswagen\">\n\t<div class=\"wd-post-inner article-inner\">\n\t\t\t\t\t<div class=\"wd-post-thumb entry-header\">\n\t\t\t\t\t\t\t\t\t<div class=\"wd-post-img post-img-wrapp\">\n\t\t\t\t\t\t<img width=\"848\" height=\"477\" src=\"https:\/\/chevcar.com\/wp-content\/uploads\/2021\/08\/Vento-2022-principal.jpg\" class=\"attachment- size-\" alt=\"\" decoding=\"async\" fetchpriority=\"high\" srcset=\"https:\/\/chevcar.com\/wp-content\/uploads\/2021\/08\/Vento-2022-principal.jpg 848w, https:\/\/chevcar.com\/wp-content\/uploads\/2021\/08\/Vento-2022-principal-400x225.jpg 400w, https:\/\/chevcar.com\/wp-content\/uploads\/2021\/08\/Vento-2022-principal-768x432.jpg 768w\" sizes=\"(max-width: 848px) 100vw, 848px\" \/>\t\t\t\t\t<\/div>\n\t\t\t\t\t\t\t\t\t\t<a class=\"wd-fill\" tabindex=\"-1\" href=\"https:\/\/chevcar.com\/2021\/08\/25\/volkswagen-vento-2022\/\" aria-label=\"Link on post Volkswagen Vento 2022: se renueva el conocido sed\u00e1n de la marca alemana\"><\/a>\n\t\t\t\t\n\t\t\t\t\t\t\t\t\t\t\t\t<link rel=\"stylesheet\" id=\"wd-post-types-mod-date-style-bg-css\" href=\"https:\/\/chevcar.com\/wp-content\/themes\/woodmart\/css\/parts\/post-types-mod-date-style-bg.min.css?ver=8.3.7\" type=\"text\/css\" media=\"all\" \/> \t\t\t\t\t\t<div class=\"wd-post-date wd-style-with-bg\">\n\t\t\t\t<span class=\"post-date-day\">\n\t\t\t\t\t\t\t\t\t<\/span>\n\t\t\t\t<span class=\"post-date-month\">\n\t\t\t\t\t\t\t\t\t<\/span>\n\t\t\t<\/div>\n\t\t\t\t\t\t\t\t\t<\/div>\n\t\t\n\t\t<div class=\"wd-post-content article-body-container\">\n\t\t\t\n\t\t\t\t\t\t\t<h3 class=\"wd-post-title wd-entities-title title post-title\">\n\t\t\t\t\t<a href=\"https:\/\/chevcar.com\/2021\/08\/25\/volkswagen-vento-2022\/\" rel=\"bookmark\">Volkswagen Vento 2022: se renueva el conocido sed\u00e1n de la marca alemana<\/a>\n\t\t\t\t<\/h3>\n\t\t\t\n\t\t\t\n\t\t\t\t\t\t\t\t\t\t\t\t<div class=\"wd-post-excerpt entry-content\">\n\t\t\t\t\t\tSe conocieron estos d\u00edas las principales caracter\u00edsticas del Volkswagen Vento 2022, el lujoso veh\u00edculo con el que la casa alemana compi...\t\t\t\t\t<\/div>\n\t\t\t\t\n\t\t\t\t\t\t\t\t\t\t\t\t\t\t<div class=\"wd-post-read-more wd-style-link read-more-section\">\n\t\t\t\t\t\t<a class=\"\" href=\"https:\/\/chevcar.com\/2021\/08\/25\/volkswagen-vento-2022\/\">Seguir leyendo<\/a>\t\t\t\t\t<\/div>\n\t\t\t\t\t\t\t\t\t\t\t\t\t<\/div>\n\t<\/div>\n<\/article>\n\n\t\t\t\t\t\t\t\t\t\t\t\n<article id=\"post-9480\" class=\"wd-post blog-design-masonry blog-post-loop blog-style-bg wd-add-shadow wd-col post-9480 post type-post status-publish format-standard has-post-thumbnail hentry category-audi category-chevrolet category-mecanica category-volkswagen tag-audi tag-auto-electrico tag-chevrolet tag-motores-a-combution tag-motores-electricos tag-volkswagen\">\n\t<div class=\"wd-post-inner article-inner\">\n\t\t\t\t\t<div class=\"wd-post-thumb entry-header\">\n\t\t\t\t\t\t\t\t\t<div class=\"wd-post-img post-img-wrapp\">\n\t\t\t\t\t\t<img width=\"422\" height=\"364\" src=\"https:\/\/chevcar.com\/wp-content\/themes\/woodmart\/images\/lazy.svg\" class=\"attachment- size- wd-lazy-fade\" alt=\"\" decoding=\"async\" srcset=\"\" sizes=\"(max-width: 422px) 100vw, 422px\" data-src=\"https:\/\/chevcar.com\/wp-content\/uploads\/2021\/06\/Motores-a-combustion-2.png\" data-srcset=\"https:\/\/chevcar.com\/wp-content\/uploads\/2021\/06\/Motores-a-combustion-2.png 422w, https:\/\/chevcar.com\/wp-content\/uploads\/2021\/06\/Motores-a-combustion-2-348x300.png 348w\" \/>\t\t\t\t\t<\/div>\n\t\t\t\t\t\t\t\t\t\t<a class=\"wd-fill\" tabindex=\"-1\" href=\"https:\/\/chevcar.com\/2021\/06\/23\/motores-a-combustion\/\" aria-label=\"Link on post MOTORES A COMBUSTI\u00d3N: AUDI, VOLKSWAGEN, CHEVROLET Y OTRAS AUTOMOTRICES ANUNCIARON QUE DEJAR\u00c1N DE FABRICARLOS\"><\/a>\n\t\t\t\t\n\t\t\t\t\t\t\t\t\t\t\t\t<div class=\"wd-post-date wd-style-with-bg\">\n\t\t\t\t<span class=\"post-date-day\">\n\t\t\t\t\t\t\t\t\t<\/span>\n\t\t\t\t<span class=\"post-date-month\">\n\t\t\t\t\t\t\t\t\t<\/span>\n\t\t\t<\/div>\n\t\t\t\t\t\t\t\t\t<\/div>\n\t\t\n\t\t<div class=\"wd-post-content article-body-container\">\n\t\t\t\n\t\t\t\t\t\t\t<h3 class=\"wd-post-title wd-entities-title title post-title\">\n\t\t\t\t\t<a href=\"https:\/\/chevcar.com\/2021\/06\/23\/motores-a-combustion\/\" rel=\"bookmark\">MOTORES A COMBUSTI\u00d3N: AUDI, VOLKSWAGEN, CHEVROLET Y OTRAS AUTOMOTRICES ANUNCIARON QUE DEJAR\u00c1N DE FABRICARLOS<\/a>\n\t\t\t\t<\/h3>\n\t\t\t\n\t\t\t\n\t\t\t\t\t\t\t\t\t\t\t\t<div class=\"wd-post-excerpt entry-content\">\n\t\t\t\t\t\tEl final de la fabricaci\u00f3n de los motores a combusti\u00f3n dej\u00f3 de ser una idea y pas\u00f3 a ser una realidad: en el \u00faltimo a\u00f1o m\u00e1s de diez aut...\t\t\t\t\t<\/div>\n\t\t\t\t\n\t\t\t\t\t\t\t\t\t\t\t\t\t\t<div class=\"wd-post-read-more wd-style-link read-more-section\">\n\t\t\t\t\t\t<a class=\"\" href=\"https:\/\/chevcar.com\/2021\/06\/23\/motores-a-combustion\/\">Seguir leyendo<\/a>\t\t\t\t\t<\/div>\n\t\t\t\t\t\t\t\t\t\t\t\t\t<\/div>\n\t<\/div>\n<\/article>\n\n\t\t\t\t\t\t\t\t\t\t\t\n<article id=\"post-9479\" class=\"wd-post blog-design-masonry blog-post-loop blog-style-bg wd-add-shadow wd-col post-9479 post type-post status-publish format-standard has-post-thumbnail hentry category-audi category-chevrolet category-consejos-de-mantenimiento category-mecanica category-repuestos category-volkswagen tag-audi tag-chevrolet tag-repuestos-alternativos tag-repuestos-originales tag-volkswagen\">\n\t<div class=\"wd-post-inner article-inner\">\n\t\t\t\t\t<div class=\"wd-post-thumb entry-header\">\n\t\t\t\t\t\t\t\t\t<div class=\"wd-post-img post-img-wrapp\">\n\t\t\t\t\t\t<img width=\"2560\" height=\"1829\" src=\"https:\/\/chevcar.com\/wp-content\/themes\/woodmart\/images\/lazy.svg\" class=\"attachment- size- wd-lazy-fade\" alt=\"\" decoding=\"async\" srcset=\"\" sizes=\"(max-width: 2560px) 100vw, 2560px\" data-src=\"https:\/\/chevcar.com\/wp-content\/uploads\/2021\/06\/repuestos-originales-o-alternativos-scaled-1.jpg\" data-srcset=\"https:\/\/chevcar.com\/wp-content\/uploads\/2021\/06\/repuestos-originales-o-alternativos-scaled-1.jpg 2560w, https:\/\/chevcar.com\/wp-content\/uploads\/2021\/06\/repuestos-originales-o-alternativos-scaled-1-400x286.jpg 400w, https:\/\/chevcar.com\/wp-content\/uploads\/2021\/06\/repuestos-originales-o-alternativos-scaled-1-1120x800.jpg 1120w, https:\/\/chevcar.com\/wp-content\/uploads\/2021\/06\/repuestos-originales-o-alternativos-scaled-1-768x549.jpg 768w, https:\/\/chevcar.com\/wp-content\/uploads\/2021\/06\/repuestos-originales-o-alternativos-scaled-1-1536x1097.jpg 1536w, https:\/\/chevcar.com\/wp-content\/uploads\/2021\/06\/repuestos-originales-o-alternativos-scaled-1-2048x1463.jpg 2048w\" \/>\t\t\t\t\t<\/div>\n\t\t\t\t\t\t\t\t\t\t<a class=\"wd-fill\" tabindex=\"-1\" href=\"https:\/\/chevcar.com\/2021\/06\/19\/repuestos-originales-o-alternativos\/\" aria-label=\"Link on post Repuestos originales o alternativos: 4 opciones para elegir\"><\/a>\n\t\t\t\t\n\t\t\t\t\t\t\t\t\t\t\t\t<div class=\"wd-post-date wd-style-with-bg\">\n\t\t\t\t<span class=\"post-date-day\">\n\t\t\t\t\t\t\t\t\t<\/span>\n\t\t\t\t<span class=\"post-date-month\">\n\t\t\t\t\t\t\t\t\t<\/span>\n\t\t\t<\/div>\n\t\t\t\t\t\t\t\t\t<\/div>\n\t\t\n\t\t<div class=\"wd-post-content article-body-container\">\n\t\t\t\n\t\t\t\t\t\t\t<h3 class=\"wd-post-title wd-entities-title title post-title\">\n\t\t\t\t\t<a href=\"https:\/\/chevcar.com\/2021\/06\/19\/repuestos-originales-o-alternativos\/\" rel=\"bookmark\">Repuestos originales o alternativos: 4 opciones para elegir<\/a>\n\t\t\t\t<\/h3>\n\t\t\t\n\t\t\t\n\t\t\t\t\t\t\t\t\t\t\t\t<div class=\"wd-post-excerpt entry-content\">\n\t\t\t\t\t\tUna de las dudas m\u00e1s frecuentes que tienen nuestros clientes a la hora de elegir qu\u00e9 repuesto comprar, es si eligen repuestos originale...\t\t\t\t\t<\/div>\n\t\t\t\t\n\t\t\t\t\t\t\t\t\t\t\t\t\t\t<div class=\"wd-post-read-more wd-style-link read-more-section\">\n\t\t\t\t\t\t<a class=\"\" href=\"https:\/\/chevcar.com\/2021\/06\/19\/repuestos-originales-o-alternativos\/\">Seguir leyendo<\/a>\t\t\t\t\t<\/div>\n\t\t\t\t\t\t\t\t\t\t\t\t\t<\/div>\n\t<\/div>\n<\/article>\n\n\t\t\t\t\t\t\t\t\t\t\t\n<article id=\"post-9477\" class=\"wd-post blog-design-masonry blog-post-loop blog-style-bg wd-add-shadow wd-col post-9477 post type-post status-publish format-standard hentry category-volkswagen tag-nivus tag-suv tag-suvs tag-t-cross tag-taos tag-tiguan tag-touareg tag-volkswagen\">\n\t<div class=\"wd-post-inner article-inner\">\n\t\t\n\t\t<div class=\"wd-post-content article-body-container\">\n\t\t\t\n\t\t\t\t\t\t\t<h3 class=\"wd-post-title wd-entities-title title post-title\">\n\t\t\t\t\t<a href=\"https:\/\/chevcar.com\/2021\/06\/08\/volkswagen-taos\/\" rel=\"bookmark\">VOLKSWAGEN TAOS: AVANZA LA OFENSIVA ALEMANA EN SUVs<\/a>\n\t\t\t\t<\/h3>\n\t\t\t\n\t\t\t\n\t\t\t\t\t\t\t\t\t\t\t\t<div class=\"wd-post-excerpt entry-content\">\n\t\t\t\t\t\tEl lanzamiento en el mercado argentino de una nueva camioneta, la Volkswagen TAOS, producida en la planta de General Pacheco, confirma ...\t\t\t\t\t<\/div>\n\t\t\t\t\n\t\t\t\t\t\t\t\t\t\t\t\t\t\t<div class=\"wd-post-read-more wd-style-link read-more-section\">\n\t\t\t\t\t\t<a class=\"\" href=\"https:\/\/chevcar.com\/2021\/06\/08\/volkswagen-taos\/\">Seguir leyendo<\/a>\t\t\t\t\t<\/div>\n\t\t\t\t\t\t\t\t\t\t\t\t\t<\/div>\n\t<\/div>\n<\/article>\n\n\t\t\t\t\t\n\t\t\t\t\t","status":"no-more-posts","nextPage":"?woo_ajax=1","currentPage":"https:\/\/chevcar.com\/tag\/volkswagen\/page\/2"}