
			
				

					
				

			
		{"items":"\n\t\t\t\t\t\t\t\t\t\t\t\n<article id=\"post-9491\" class=\"wd-post blog-design-masonry blog-post-loop blog-style-bg wd-add-shadow wd-col post-9491 post type-post status-publish format-standard has-post-thumbnail hentry category-interesante category-lanzamientos category-mecanica category-novedades category-volkswagen tag-lanzamientos tag-novedades tag-volkswagen\">\n\t<div class=\"wd-post-inner article-inner\">\n\t\t\t\t\t<div class=\"wd-post-thumb entry-header\">\n\t\t\t\t\t\t\t\t\t<div class=\"wd-post-img post-img-wrapp\">\n\t\t\t\t\t\t<img width=\"550\" height=\"352\" src=\"https:\/\/chevcar.com\/wp-content\/uploads\/2021\/09\/Novedades-de-Volkswgen-Nueva-version-del-Volkswagen-T-Cross.jpg\" class=\"attachment- size-\" alt=\"\" decoding=\"async\" fetchpriority=\"high\" srcset=\"https:\/\/chevcar.com\/wp-content\/uploads\/2021\/09\/Novedades-de-Volkswgen-Nueva-version-del-Volkswagen-T-Cross.jpg 550w, https:\/\/chevcar.com\/wp-content\/uploads\/2021\/09\/Novedades-de-Volkswgen-Nueva-version-del-Volkswagen-T-Cross-400x256.jpg 400w\" sizes=\"(max-width: 550px) 100vw, 550px\" \/>\t\t\t\t\t<\/div>\n\t\t\t\t\t\t\t\t\t\t<a class=\"wd-fill\" tabindex=\"-1\" href=\"https:\/\/chevcar.com\/2021\/09\/06\/novedades-de-volkswagen\/\" aria-label=\"Link on post 5 Novedades de Volkswagen que vale la pena seguir\"><\/a>\n\t\t\t\t\n\t\t\t\t\t\t\t\t\t\t\t\t<link rel=\"stylesheet\" id=\"wd-post-types-mod-date-style-bg-css\" href=\"https:\/\/chevcar.com\/wp-content\/themes\/woodmart\/css\/parts\/post-types-mod-date-style-bg.min.css?ver=8.3.7\" type=\"text\/css\" media=\"all\" \/> \t\t\t\t\t\t<div class=\"wd-post-date wd-style-with-bg\">\n\t\t\t\t<span class=\"post-date-day\">\n\t\t\t\t\t\t\t\t\t<\/span>\n\t\t\t\t<span class=\"post-date-month\">\n\t\t\t\t\t\t\t\t\t<\/span>\n\t\t\t<\/div>\n\t\t\t\t\t\t\t\t\t<\/div>\n\t\t\n\t\t<div class=\"wd-post-content article-body-container\">\n\t\t\t\n\t\t\t\t\t\t\t<h3 class=\"wd-post-title wd-entities-title title post-title\">\n\t\t\t\t\t<a href=\"https:\/\/chevcar.com\/2021\/09\/06\/novedades-de-volkswagen\/\" rel=\"bookmark\">5 Novedades de Volkswagen que vale la pena seguir<\/a>\n\t\t\t\t<\/h3>\n\t\t\t\n\t\t\t\n\t\t\t\t\t\t\t\t\t\t\t\t<div class=\"wd-post-excerpt entry-content\">\n\t\t\t\t\t\tDurante la \u00faltima semana se conocieron muchas novedades de Volkswagen que impactar\u00e1n en la industria automotriz y en el mercado. La cas...\t\t\t\t\t<\/div>\n\t\t\t\t\n\t\t\t\t\t\t\t\t\t\t\t\t\t\t<div class=\"wd-post-read-more wd-style-link read-more-section\">\n\t\t\t\t\t\t<a class=\"\" href=\"https:\/\/chevcar.com\/2021\/09\/06\/novedades-de-volkswagen\/\">Seguir leyendo<\/a>\t\t\t\t\t<\/div>\n\t\t\t\t\t\t\t\t\t\t\t\t\t<\/div>\n\t<\/div>\n<\/article>\n\n\t\t\t\t\t\t\t\t\t\t\t\n<article id=\"post-9490\" class=\"wd-post blog-design-masonry blog-post-loop blog-style-bg wd-add-shadow wd-col post-9490 post type-post status-publish format-standard has-post-thumbnail hentry category-interesante category-lanzamientos category-novedades category-volkswagen tag-lanzamientos tag-novedades tag-vento tag-volkswagen\">\n\t<div class=\"wd-post-inner article-inner\">\n\t\t\t\t\t<div class=\"wd-post-thumb entry-header\">\n\t\t\t\t\t\t\t\t\t<div class=\"wd-post-img post-img-wrapp\">\n\t\t\t\t\t\t<img width=\"848\" height=\"477\" src=\"https:\/\/chevcar.com\/wp-content\/themes\/woodmart\/images\/lazy.svg\" class=\"attachment- size- wd-lazy-fade\" alt=\"\" decoding=\"async\" srcset=\"\" sizes=\"(max-width: 848px) 100vw, 848px\" data-src=\"https:\/\/chevcar.com\/wp-content\/uploads\/2021\/08\/Vento-2022-principal.jpg\" data-srcset=\"https:\/\/chevcar.com\/wp-content\/uploads\/2021\/08\/Vento-2022-principal.jpg 848w, https:\/\/chevcar.com\/wp-content\/uploads\/2021\/08\/Vento-2022-principal-400x225.jpg 400w, https:\/\/chevcar.com\/wp-content\/uploads\/2021\/08\/Vento-2022-principal-768x432.jpg 768w\" \/>\t\t\t\t\t<\/div>\n\t\t\t\t\t\t\t\t\t\t<a class=\"wd-fill\" tabindex=\"-1\" href=\"https:\/\/chevcar.com\/2021\/08\/25\/volkswagen-vento-2022\/\" aria-label=\"Link on post Volkswagen Vento 2022: se renueva el conocido sed\u00e1n de la marca alemana\"><\/a>\n\t\t\t\t\n\t\t\t\t\t\t\t\t\t\t\t\t<div class=\"wd-post-date wd-style-with-bg\">\n\t\t\t\t<span class=\"post-date-day\">\n\t\t\t\t\t\t\t\t\t<\/span>\n\t\t\t\t<span class=\"post-date-month\">\n\t\t\t\t\t\t\t\t\t<\/span>\n\t\t\t<\/div>\n\t\t\t\t\t\t\t\t\t<\/div>\n\t\t\n\t\t<div class=\"wd-post-content article-body-container\">\n\t\t\t\n\t\t\t\t\t\t\t<h3 class=\"wd-post-title wd-entities-title title post-title\">\n\t\t\t\t\t<a href=\"https:\/\/chevcar.com\/2021\/08\/25\/volkswagen-vento-2022\/\" rel=\"bookmark\">Volkswagen Vento 2022: se renueva el conocido sed\u00e1n de la marca alemana<\/a>\n\t\t\t\t<\/h3>\n\t\t\t\n\t\t\t\n\t\t\t\t\t\t\t\t\t\t\t\t<div class=\"wd-post-excerpt entry-content\">\n\t\t\t\t\t\tSe conocieron estos d\u00edas las principales caracter\u00edsticas del Volkswagen Vento 2022, el lujoso veh\u00edculo con el que la casa alemana compi...\t\t\t\t\t<\/div>\n\t\t\t\t\n\t\t\t\t\t\t\t\t\t\t\t\t\t\t<div class=\"wd-post-read-more wd-style-link read-more-section\">\n\t\t\t\t\t\t<a class=\"\" href=\"https:\/\/chevcar.com\/2021\/08\/25\/volkswagen-vento-2022\/\">Seguir leyendo<\/a>\t\t\t\t\t<\/div>\n\t\t\t\t\t\t\t\t\t\t\t\t\t<\/div>\n\t<\/div>\n<\/article>\n\n\t\t\t\t\t\t\t\t\t\t\t\n<article id=\"post-9486\" class=\"wd-post blog-design-masonry blog-post-loop blog-style-bg wd-add-shadow wd-col post-9486 post type-post status-publish format-standard has-post-thumbnail hentry category-chevrolet category-interesante category-lanzamientos category-novedades tag-chevrolet tag-lanzamientos tag-novedades tag-s10\">\n\t<div class=\"wd-post-inner article-inner\">\n\t\t\t\t\t<div class=\"wd-post-thumb entry-header\">\n\t\t\t\t\t\t\t\t\t<div class=\"wd-post-img post-img-wrapp\">\n\t\t\t\t\t\t<img width=\"503\" height=\"253\" src=\"https:\/\/chevcar.com\/wp-content\/themes\/woodmart\/images\/lazy.svg\" class=\"attachment- size- wd-lazy-fade\" alt=\"\" decoding=\"async\" srcset=\"\" sizes=\"(max-width: 503px) 100vw, 503px\" data-src=\"https:\/\/chevcar.com\/wp-content\/uploads\/2021\/07\/Chevrolet-S10-Z71-3.png\" data-srcset=\"https:\/\/chevcar.com\/wp-content\/uploads\/2021\/07\/Chevrolet-S10-Z71-3.png 503w, https:\/\/chevcar.com\/wp-content\/uploads\/2021\/07\/Chevrolet-S10-Z71-3-400x201.png 400w\" \/>\t\t\t\t\t<\/div>\n\t\t\t\t\t\t\t\t\t\t<a class=\"wd-fill\" tabindex=\"-1\" href=\"https:\/\/chevcar.com\/2021\/07\/28\/chevrolet-s10-z71\/\" aria-label=\"Link on post CHEVROLET S10 Z71: SE VIENE UNA NUEVA CAMIONETA TODOTERRENO CON CARACTER\u00cdSTICAS MUY ESPECIALES\"><\/a>\n\t\t\t\t\n\t\t\t\t\t\t\t\t\t\t\t\t<div class=\"wd-post-date wd-style-with-bg\">\n\t\t\t\t<span class=\"post-date-day\">\n\t\t\t\t\t\t\t\t\t<\/span>\n\t\t\t\t<span class=\"post-date-month\">\n\t\t\t\t\t\t\t\t\t<\/span>\n\t\t\t<\/div>\n\t\t\t\t\t\t\t\t\t<\/div>\n\t\t\n\t\t<div class=\"wd-post-content article-body-container\">\n\t\t\t\n\t\t\t\t\t\t\t<h3 class=\"wd-post-title wd-entities-title title post-title\">\n\t\t\t\t\t<a href=\"https:\/\/chevcar.com\/2021\/07\/28\/chevrolet-s10-z71\/\" rel=\"bookmark\">CHEVROLET S10 Z71: SE VIENE UNA NUEVA CAMIONETA TODOTERRENO CON CARACTER\u00cdSTICAS MUY ESPECIALES<\/a>\n\t\t\t\t<\/h3>\n\t\t\t\n\t\t\t\n\t\t\t\t\t\t\t\t\t\t\t\t<div class=\"wd-post-excerpt entry-content\">\n\t\t\t\t\t\tLa nueva camioneta Chevrolet S10 Z71 fue anunciada finalmente en Brasil y llegar\u00e1 al mercado argentino entre fines de 2021 y comienzos ...\t\t\t\t\t<\/div>\n\t\t\t\t\n\t\t\t\t\t\t\t\t\t\t\t\t\t\t<div class=\"wd-post-read-more wd-style-link read-more-section\">\n\t\t\t\t\t\t<a class=\"\" href=\"https:\/\/chevcar.com\/2021\/07\/28\/chevrolet-s10-z71\/\">Seguir leyendo<\/a>\t\t\t\t\t<\/div>\n\t\t\t\t\t\t\t\t\t\t\t\t\t<\/div>\n\t<\/div>\n<\/article>\n\n\t\t\t\t\t\n\t\t\t\t\t","status":"no-more-posts","nextPage":"?woo_ajax=1","currentPage":"https:\/\/chevcar.com\/category\/novedades\/page\/2"}